{"id":117,"date":"2023-08-30T17:18:51","date_gmt":"2023-08-30T20:18:51","guid":{"rendered":"https:\/\/ipsislitteris.com\/?p=117"},"modified":"2024-09-15T21:51:40","modified_gmt":"2024-09-16T00:51:40","slug":"morte-inesperada","status":"publish","type":"post","link":"https:\/\/ipsislitteris.com\/index.php\/2023\/08\/30\/morte-inesperada\/","title":{"rendered":"Morte inesperada"},"content":{"rendered":"\n<p>Nesta semana que passou (<em>faz um ano, j\u00e1<\/em>), eu tive um dos per\u00edodos mais tristes da vida: depois de dois meses de uma doen\u00e7a que o definhou e deixou-o na maior fraqueza e impossibilidade de reagir, morreu o nosso grande amigo Rog\u00e9lio Beltr\u00e1n. Al\u00e9m de ser o pai de um dos melhores amigos do meu filho, ele era tamb\u00e9m o marido da minha amiga Paty, e na verdade um grande amigo. Sempre fiquei pensando que os m\u00e9dicos poderiam ter acertado e terem-lhe restitu\u00eddo \u00e0 vida normal que ele tinha antes, porque parece que tudo foi consequ\u00eancia, e n\u00e3o houve causa, cada afec\u00e7\u00e3o foi sendo diferente e mais grave do que a outra. Fiquei t\u00e3o triste em ter que ir ao enterro de uma pessoa que era t\u00e3o amiga para n\u00f3s! Mas, entendo que assim \u00e9 a vida, eu \u00e9 que sou a pessoa maluca que pensa que todo mundo vai durar at\u00e9 o fim do mundo. S[o dura mesmo at\u00e9 o fim dos seus dias!  A morte \u00e9 implac\u00e1vel, e vai escolhendo as pessoas para morrerem, selecionando aquelas mais velhas, outras mais novas, algumas simp\u00e1ticas e am\u00e1veis, outras amarguradas e antip\u00e1ticas, n\u00e3o h\u00e1 um crit\u00e9rio \u00fanico sob o qual ela escolher quem j\u00e1 est\u00e1 no momento de ir. Mas, parece que algumas delas ainda n\u00e3o haviam atingido o tempo adequado: n\u00e3o estavam doentes, nem desnutridas, nem fracas, nada que apontasse para o caminho do fim. Neste caso, considero que foi uma morte muito prematura, n\u00e3o era tempo de ele morrer! Eu sempre fico pensando que haveria um jeito, um rem\u00e9dio milagroso que salvasse certas pessoas!<\/p>\n","protected":false},"excerpt":{"rendered":"<p>Nesta semana que passou (faz um ano, j\u00e1), eu tive um dos per\u00edodos mais tristes da vida: depois de dois meses de uma doen\u00e7a que o definhou e deixou-o na maior fraqueza e impossibilidade de reagir, morreu o nosso grande amigo Rog\u00e9lio Beltr\u00e1n. Al\u00e9m de ser o pai de um dos melhores amigos do meu [&hellip;]<\/p>\n","protected":false},"author":1,"featured_media":233,"comment_status":"open","ping_status":"open","sticky":false,"template":"","format":"standard","meta":{"footnotes":""},"categories":[1],"tags":[],"_links":{"self":[{"href":"https:\/\/ipsislitteris.com\/index.php\/wp-json\/wp\/v2\/posts\/117"}],"collection":[{"href":"https:\/\/ipsislitteris.com\/index.php\/wp-json\/wp\/v2\/posts"}],"about":[{"href":"https:\/\/ipsislitteris.com\/index.php\/wp-json\/wp\/v2\/types\/post"}],"author":[{"embeddable":true,"href":"https:\/\/ipsislitteris.com\/index.php\/wp-json\/wp\/v2\/users\/1"}],"replies":[{"embeddable":true,"href":"https:\/\/ipsislitteris.com\/index.php\/wp-json\/wp\/v2\/comments?post=117"}],"version-history":[{"count":3,"href":"https:\/\/ipsislitteris.com\/index.php\/wp-json\/wp\/v2\/posts\/117\/revisions"}],"predecessor-version":[{"id":552,"href":"https:\/\/ipsislitteris.com\/index.php\/wp-json\/wp\/v2\/posts\/117\/revisions\/552"}],"wp:featuredmedia":[{"embeddable":true,"href":"https:\/\/ipsislitteris.com\/index.php\/wp-json\/wp\/v2\/media\/233"}],"wp:attachment":[{"href":"https:\/\/ipsislitteris.com\/index.php\/wp-json\/wp\/v2\/media?parent=117"}],"wp:term":[{"taxonomy":"category","embeddable":true,"href":"https:\/\/ipsislitteris.com\/index.php\/wp-json\/wp\/v2\/categories?post=117"},{"taxonomy":"post_tag","embeddable":true,"href":"https:\/\/ipsislitteris.com\/index.php\/wp-json\/wp\/v2\/tags?post=117"}],"curies":[{"name":"wp","href":"https:\/\/api.w.org\/{rel}","templated":true}]}}