{"id":197,"date":"2023-10-30T15:04:49","date_gmt":"2023-10-30T18:04:49","guid":{"rendered":"https:\/\/ipsislitteris.com\/?p=197"},"modified":"2024-09-15T21:45:23","modified_gmt":"2024-09-16T00:45:23","slug":"racismo-no-brasil","status":"publish","type":"post","link":"https:\/\/ipsislitteris.com\/index.php\/2023\/10\/30\/racismo-no-brasil\/","title":{"rendered":"Resposta a uma pergunta"},"content":{"rendered":"\n<p>Voc\u00ea pede que eu opine sobre o que os estrangeiros opinam do Bolsonaro. Dos estrangeiros, eu n\u00e3o sei. S\u00f3 sei que eu, sem ser petista nem feminista, enfim sem possuir nenhum r\u00f3tulo pol\u00edtico-partid\u00e1rio, ainda estou esperando para ver o que nos acontece (<em>assim como \u201cpagando pra ver\u201d<\/em>), Acho que ele (<em>o Michel Bolsonaro<\/em>) ainda <em>(at\u00e9 quando?<\/em>) mete muito os p\u00e9s pelas m\u00e3os e faz muitas doidices e inconveni\u00eancias. E, como n\u00e3o tem muita ideia do que \u00e9 pol\u00edtica (<em>nem eu<\/em>), n\u00e3o sabe o que \u00e9 governar (<em>e menos um pa\u00eds do tamanho do nosso, com as complexidades, as diversidades culturais e as necessidades pr\u00f3prias dessa dimens\u00e3o: \u00e9 uma barra dif\u00edcil<\/em>).<\/p>\n\n\n\n<p>Agora, eu quero que o Brasil \u201cd\u00ea certo\u201d. N\u00e3o posso admitir uma desigualdade do tamanho da que a gente tem no Brasil; pelo bem do pa\u00eds, eu sonho com uma ao menos \u201caproxima\u00e7\u00e3o\u201d de igualdade da popula\u00e7\u00e3o, porque um pa\u00eds onde todos sejam iguais acho mesmo que \u00e9 uma utopia. Mas, me corta o cora\u00e7\u00e3o ver a profunda pobreza em que uma grande parte do nosso povo est\u00e1 mergulhado: n\u00e3o ter nem o que comer, nem uns trapinhos pra vestir, nem alguma coisa que lhes proteja os p\u00e9s, nem um teto para cobrir suas cabe\u00e7as, \u00e9 demais. Nem precisa ser teto pr\u00f3prio, n\u00e3o. Eu nunca tive casa pr\u00f3pria, que nunca  me fez falta, e ainda estou aqui, saud\u00e1vel e ativa. (<em>Outro dia vi uma foto que me deu vontade de chorar: uma fam\u00edlia de 5 pessoas morando dentro de um tubo desses enormes para conduzir \u00e1gua, com umas carinhas de fazer d\u00f3!<\/em>). Mas, uma prote\u00e7\u00e3o para o corpo e a cabe\u00e7a, um lugarzinho pra chamar de \u201cminha casa\u201d, algum bocado para enganar a fome s\u00e3o coisas m\u00ednimas para satisfazer as necessidades materiais e biol\u00f3gicas.<\/p>\n\n\n\n<p>E o pior de tudo \u00e9 que essa fome acontece num pa\u00eds t\u00e3o abundante em alimentos, como o nosso, cujas safras de gr\u00e3os (<em>soja, milho e feij\u00e3o, acho<\/em>) e outros alimentos excedem a cada ano as anteriores; uma na\u00e7\u00e3o que tem o maior rebanho bovino do planeta \u2013 voc\u00ea sabia que eles s\u00e3o mais do que n\u00f3s? Quero dizer, o n\u00famero de cabe\u00e7as de gado bovino \u00e9 maior do que a popula\u00e7\u00e3o. Que Austr\u00e1lia, Nova Zel\u00e2ndia e Holanda t\u00eam isso? E a vegeta\u00e7\u00e3o? A Amaz\u00f4nia \u00e9 o pulm\u00e3o do mundo!!! (<em>agora, parece que j\u00e1 est\u00e3o querendo desmentir isso<\/em>).\u00a0 E os nossos mares e rios, lagos e lagoas, abarrotados de peixes e mariscos, crust\u00e1ceos e outras esp\u00e9cies? Nossos bosques est\u00e3o cheios de animais de ca\u00e7a! A\u00ed \u00e9 uma injusti\u00e7a n\u00e3o ter acesso a nada disso! Essa desigualdade \u00e9 cruel e assassina! Enquanto isso, o outro lado (<em>a burguesia<\/em>) esbanja em coisas estupidamente sup\u00e9rfluas! Quanto me faz ser melhor usar um anel de 800.000 euros ou d\u00f3lares? Ter mais de 100 propriedades, por mais modestas que sejam, \u00e9 uma indec\u00eancia, como tamb\u00e9m algu\u00e9m ter um carro que custa milh\u00f5es de d\u00f3lares, enquanto os irm\u00e3os de p\u00e1tria est\u00e3o lutando pela sobreviv\u00eancia biol\u00f3gica, por um miser\u00e1vel peda\u00e7o de p\u00e3o, farinha e um \u201cprincipesco\u201d prato de feij\u00e3o!<\/p>\n\n\n\n<p>Confesso que n\u00e3o sei manejar essas coisas, s\u00f3 sei me entristecer pelo que vejo e pelo que sei atrav\u00e9s dos notici\u00e1rios. E n\u00e3o \u00e9 que o dinheiro tenha um valor enorme: para mim, o dinheiro n\u00e3o passa de um meio de pagamento; quem o tem, pode pagar pelas coisas, e quem n\u00e3o tem n\u00e3o pode adquirir nada, nem sequer comida! Mas o que me choca de verdade s\u00e3o as extremas diferen\u00e7as entre as duas situa\u00e7\u00f5es: uns, quase literalmente, tocam fogo nesse meio de pagamento, e outros n\u00e3o t\u00eam nenhuma possibilidade de que ele chegue \u00e0s suas m\u00e3os&#8230;<\/p>\n\n\n\n<p>O que eu preciso urgentemente \u00e9 me curar dessa culpa, que n\u00e3o \u00e9 minha, e ajudar, quando puder e tiver a oportunidade, sem me responsabilizar por isso, s\u00f3 pelo fato de ter quatro vint\u00e9ns mais do que eles&#8230; &nbsp;&nbsp;&nbsp;&nbsp;&nbsp;<\/p>\n\n\n\n<p>Enfim, eu n\u00e3o sei responder \u00e0 sua pergunta, mas ent\u00e3o vou virar o assunto: e voc\u00ea, o que pode me dizer dele, e de toda essa situa\u00e7\u00e3o?<\/p>\n","protected":false},"excerpt":{"rendered":"<p>Voc\u00ea pede que eu opine sobre o que os estrangeiros opinam do Bolsonaro. Dos estrangeiros, eu n\u00e3o sei. S\u00f3 sei que eu, sem ser petista nem feminista, enfim sem possuir nenhum r\u00f3tulo pol\u00edtico-partid\u00e1rio, ainda estou esperando para ver o que nos acontece (assim como \u201cpagando pra ver\u201d), Acho que ele (o Michel Bolsonaro) ainda (at\u00e9 [&hellip;]<\/p>\n","protected":false},"author":1,"featured_media":0,"comment_status":"open","ping_status":"open","sticky":false,"template":"","format":"standard","meta":{"footnotes":""},"categories":[1],"tags":[],"_links":{"self":[{"href":"https:\/\/ipsislitteris.com\/index.php\/wp-json\/wp\/v2\/posts\/197"}],"collection":[{"href":"https:\/\/ipsislitteris.com\/index.php\/wp-json\/wp\/v2\/posts"}],"about":[{"href":"https:\/\/ipsislitteris.com\/index.php\/wp-json\/wp\/v2\/types\/post"}],"author":[{"embeddable":true,"href":"https:\/\/ipsislitteris.com\/index.php\/wp-json\/wp\/v2\/users\/1"}],"replies":[{"embeddable":true,"href":"https:\/\/ipsislitteris.com\/index.php\/wp-json\/wp\/v2\/comments?post=197"}],"version-history":[{"count":5,"href":"https:\/\/ipsislitteris.com\/index.php\/wp-json\/wp\/v2\/posts\/197\/revisions"}],"predecessor-version":[{"id":548,"href":"https:\/\/ipsislitteris.com\/index.php\/wp-json\/wp\/v2\/posts\/197\/revisions\/548"}],"wp:attachment":[{"href":"https:\/\/ipsislitteris.com\/index.php\/wp-json\/wp\/v2\/media?parent=197"}],"wp:term":[{"taxonomy":"category","embeddable":true,"href":"https:\/\/ipsislitteris.com\/index.php\/wp-json\/wp\/v2\/categories?post=197"},{"taxonomy":"post_tag","embeddable":true,"href":"https:\/\/ipsislitteris.com\/index.php\/wp-json\/wp\/v2\/tags?post=197"}],"curies":[{"name":"wp","href":"https:\/\/api.w.org\/{rel}","templated":true}]}}