{"id":411,"date":"2024-04-13T16:42:59","date_gmt":"2024-04-13T19:42:59","guid":{"rendered":"https:\/\/ipsislitteris.com\/?p=411"},"modified":"2025-05-20T15:19:01","modified_gmt":"2025-05-20T18:19:01","slug":"insanidade-no-mundo","status":"publish","type":"post","link":"https:\/\/ipsislitteris.com\/index.php\/2024\/04\/13\/insanidade-no-mundo\/","title":{"rendered":"Insanidade no mundo"},"content":{"rendered":"\n<p>Eu antes pensava que era s\u00f3 o Brasil quem estava sofrendo com tantas desgra\u00e7as, tanta mis\u00e9ria, mas de repente vejo que o mundo inteiro est\u00e1 coberto de chagas, deixadas por guerras de todos os lados; antes, era s\u00f3 a R\u00fassia quem tinha atacado a Ucr\u00e2nia, mas agora tamb\u00e9m o Ham\u00e1s atacou Israel e, em contrapartida, Israel n\u00e3o deixa de bombardear a Faixa de Gaza, matando gente, tomando pessoas, at\u00e9 mesmo crian\u00e7as, como ref\u00e9ns; enfim, uma chacina de fazer medo! Agora, et\u00e3o falando de que v\u00e3o reunir-se os presidentes Putin e Zelenski, para firmarem um pacto de cessar fogo. Espero, mas n\u00e3o acredito ainda nesse milagre! Os H\u00fatis atacaram uma parte do Y\u00eamen, e os Estados Unidos, arvorando-se em justiceiros, tamb\u00e9m tomaram as dores n\u00e3o sei bem de quem. O Mundo todo est\u00e1 invadido por guerras. J\u00falio C\u00e9sar (<em>romano<\/em>) tinha toda a raz\u00e3o, quando dizia: \u201c<em>Si vis pacem, para bellum\u201d<\/em> <em>(Se queres a paz, prepara-te para a guerra)<\/em>. Porque parece que n\u00e3o h\u00e1 paz sem ter que ser precedida de uma guerra. Quando os povos desejam a paz, t\u00eam que organizar uma guerra. Nem sei mesmo que sentido t\u00eam essas guerras, essas batalhas cru\u00e9is, onde algumas s\u00e3o lutas por tomar partes dos territ\u00f3rios <em>(tenham sido invadidos ou n\u00e3o),<\/em> ou por outras raz\u00f5es materiais<em>. <\/em>Agora, at\u00e9 a Venezuela j\u00e1 se prop\u00f4s a invadir uma parte da Guiana Inglesa! \u00c9 verdade que aquele homem imaturo (<em>Maduro<\/em>) \u00e9 um maluco, cheio de ideias de grandeza e sonhos lun\u00e1ticos. Mas, hoje em dia, todo mundo quer ser o maior do mundo, ou o mais rico, ou o mais poderoso, o mais importante, mais popular, mais votado, mais&#8230; idiota<em> (acho que isso ningu\u00e9m quer ser, porque \u00e9 negativo ser idiota).<\/em> Mas, procedem como idiotas, como se n\u00e3o soubessem que s\u00e3o! Como o idiota presidente daqui, com suas manias de grandeza e gl\u00f3ria, de construir o maior aeroporto do planeta, ou a maior rodovia do mundo, ou o maior centro comercial de todas as cidades, ser o pa\u00eds mais poderoso do mundo&#8230; E o pior \u00e9 que leva os habitantes do pa\u00eds a pensarem do mesmo jeito, que s\u00e3o os mais inteligentes da gal\u00e1xia, os mais preparados, os mais letrados, os pol\u00edticos mais competentes, com seus del\u00edrios de grandeza, tudo comparativamente, tudo medido com a fita m\u00e9trica mais favor\u00e1vel para si! Agora mesmo, pa\u00edses que se diziam do mesmo bloco: Am\u00e9rica Latina, cortam rela\u00e7\u00f5es diplom\u00e1ticas uns com outros, como no caso do M\u00e9xico com o Equador, por um incidente grave de diplomacia, de invas\u00e3o do territ\u00f3rio diplom\u00e1tico do primeiro por militares do segundo. <\/p>\n\n\n\n<p><\/p>\n\n\n\n<p>Que saudade do tempo em que as pessoas eram mais modestas, quase ningu\u00e9m competia por ser o \u201cmelhor nem o maior do mundo\u201d! Conformavam-se em terem as melhores belezas do seu pa\u00eds! <\/p>\n\n\n\n<p>\u00c9 verdade que eu j\u00e1 passei por v\u00e1rias guerras: desde a 2\u00aa guerra mundial, a guerra do Vietnam, a da Coreia, essas que agora est\u00e3o acontecendo e surgindo, e quem sabe que outras mais? Tratem de recordar-se, porque eu j\u00e1 n\u00e3o me lembro de outras. E pra que mais? Basta! O mundo j\u00e1 est\u00e1 t\u00e3o atormentado com todas essas disputas, que acho que o que est\u00e1 faltando agora \u00e9 sanidade mental, para ter paz! Como dizia aquele filme: \u201cDeu a louca no mundo!\u201d Todo mundo est\u00e1 louco, louco! O que n\u00f3s mais precisamos \u00e9 de paz de esp\u00edrito, sossego, e de muitas coisas que trazem harmonia ao mundo inteiro. N\u00e3o sei se algumas pessoas s\u00e3o demasiado pac\u00edficas, ou se quase o mundo inteiro est\u00e1 beligerante demais! Eu, por exemplo n\u00e3o preciso disso, posso carecer de outras coisas, e s\u00f3 quero viver em paz, assim como quero \u2013 n\u00e3o agora, por certo \u2013 mas daqui a algum tempo, morrer em paz!<\/p>\n\n\n\n<p>Puxa! Eu ainda nem tinha terminado de falar, e o Ir\u00e3 acaba de atacar Israel!! Deu mesmo a louca no mundo inteiro!!<\/p>\n","protected":false},"excerpt":{"rendered":"<p>Eu antes pensava que era s\u00f3 o Brasil quem estava sofrendo com tantas desgra\u00e7as, tanta mis\u00e9ria, mas de repente vejo que o mundo inteiro est\u00e1 coberto de chagas, deixadas por guerras de todos os lados; antes, era s\u00f3 a R\u00fassia quem tinha atacado a Ucr\u00e2nia, mas agora tamb\u00e9m o Ham\u00e1s atacou Israel e, em contrapartida, [&hellip;]<\/p>\n","protected":false},"author":1,"featured_media":0,"comment_status":"open","ping_status":"open","sticky":false,"template":"","format":"standard","meta":{"footnotes":""},"categories":[1],"tags":[],"_links":{"self":[{"href":"https:\/\/ipsislitteris.com\/index.php\/wp-json\/wp\/v2\/posts\/411"}],"collection":[{"href":"https:\/\/ipsislitteris.com\/index.php\/wp-json\/wp\/v2\/posts"}],"about":[{"href":"https:\/\/ipsislitteris.com\/index.php\/wp-json\/wp\/v2\/types\/post"}],"author":[{"embeddable":true,"href":"https:\/\/ipsislitteris.com\/index.php\/wp-json\/wp\/v2\/users\/1"}],"replies":[{"embeddable":true,"href":"https:\/\/ipsislitteris.com\/index.php\/wp-json\/wp\/v2\/comments?post=411"}],"version-history":[{"count":6,"href":"https:\/\/ipsislitteris.com\/index.php\/wp-json\/wp\/v2\/posts\/411\/revisions"}],"predecessor-version":[{"id":719,"href":"https:\/\/ipsislitteris.com\/index.php\/wp-json\/wp\/v2\/posts\/411\/revisions\/719"}],"wp:attachment":[{"href":"https:\/\/ipsislitteris.com\/index.php\/wp-json\/wp\/v2\/media?parent=411"}],"wp:term":[{"taxonomy":"category","embeddable":true,"href":"https:\/\/ipsislitteris.com\/index.php\/wp-json\/wp\/v2\/categories?post=411"},{"taxonomy":"post_tag","embeddable":true,"href":"https:\/\/ipsislitteris.com\/index.php\/wp-json\/wp\/v2\/tags?post=411"}],"curies":[{"name":"wp","href":"https:\/\/api.w.org\/{rel}","templated":true}]}}