{"id":476,"date":"2024-05-21T17:39:57","date_gmt":"2024-05-21T20:39:57","guid":{"rendered":"https:\/\/ipsislitteris.com\/?p=476"},"modified":"2025-06-16T17:33:10","modified_gmt":"2025-06-16T20:33:10","slug":"vontade-de-viver","status":"publish","type":"post","link":"https:\/\/ipsislitteris.com\/index.php\/2024\/05\/21\/vontade-de-viver\/","title":{"rendered":"Vontade de viver"},"content":{"rendered":"\n<p>O que \u00e9 que eu ia dizer agora? J\u00e1 nem sei, mas sei que era alguma coisa sobre a estada de minhas filhas Renata e Andr\u00e9a aqui, na Cidade do M\u00e9xico, e na minha casa. Elas j\u00e1 v\u00e3o embora amanh\u00e3, e v\u00e3o me deixar muita saudade, mas tamb\u00e9m aproveitei bastante essa temporada delas aqui: ontem sa\u00edmos a um Centro Comercial, onde compramos algumas besteirinhas que nos faltavam, mas bom mesmo foi o passeio em companhia delas. Almo\u00e7amos juntas as 4 <em>(a minha filha Cl\u00e1udia, que \u00e9 a \u00fanica dos meus filhos que mora aqui, tamb\u00e9m foi)<\/em>. Elas s\u00e3o \u00f3timas comigo, me dispensam muito cuidado, embora eu n\u00e3o esteja ainda numa situa\u00e7\u00e3o que precisa tanto ser cuidada. Uma delas at\u00e9 me ajudou a organizar e elaborar uma das minhas tradu\u00e7\u00f5es, me ajudou com o meu blogue, tentando (<em>n\u00f3s duas<\/em>) encontrar a p\u00e1gina de coment\u00e1rios \u2013 apesar de n\u00e3o termos encontrado &#8211; me ajudou tamb\u00e9m a colocar imagens alusivas a cada uma das minhas publica\u00e7\u00f5es, entre outras coisas.&nbsp; A outra, embora n\u00e3o saiba tanto de computa\u00e7\u00e3o, me ajuda fazendo bolos, por exemplo, para um almo\u00e7o que tivemos h\u00e1 uns tr\u00eas dias na nossa casa.<\/p>\n\n\n\n<p>Engra\u00e7ado, agora me ocorreu que a gente talvez precise de um pouco de tristeza e infelicidade, para poder buscar inspira\u00e7\u00e3o para escrever. Como eu quase sempre estou feliz, n\u00e3o me surgem tantas ideias nem frases para colocar no papel. Agora, que as minhas filhas acabam de ir embora, eu acho que encontrei um pouco dessa tristeza, com a saudade delas, para alimentar o meu esp\u00edrito, abrindo nele a verve liter\u00e1ria necess\u00e1ria para escrever.<\/p>\n\n\n\n<p>Foram uns dias \u00f3timos com elas, at\u00e9 as sa\u00eddas bobas para ir a centros comerciais comprar alguma coisa, de que h\u00e1 muito eu estava meio desprendida; inspirei-me para comprar s\u00f3 roupa \u00edntima, assim como um batom, para alimentar a beleza. &nbsp;Gosto de me arrumar, mesmo na avan\u00e7ada idade em que estou, gosto de me sentir mais atraente para o meu marido e para mim mesma: passar um batonzinho, um pouco de blush, l\u00e1pis nas sobrancelhas que o tempo insiste em apagar, e uma sombra discreta, tudo marrom, sem muita luminosidade e cor vibrante; de qualquer maneira, melhora um rosto meio sem vida e pouco colorido.<\/p>\n\n\n\n<p>Acho que vou me pintar at\u00e9 quando n\u00e3o puder e n\u00e3o conseguir mais, porque gosto de ver mulheres pintadas, e ou\u00e7o ou leio coment\u00e1rios masculinos que sabem apreciar uma mulher bem cuidada e elegante (o meu marido gosta de me ver cuidada e bem apresent\u00e1vel), n\u00e3o importa muito a idade. E, quem n\u00e3o gosta de ser admirada, despertar um olhar de aprova\u00e7\u00e3o de outras pessoas, ainda que desconhecidas? Talvez a vaidade seja uma caracter\u00edstica que nunca desaparece em uma mulher, a menos que ela j\u00e1 esteja sem vontade de viver, sem vontade de se arrumar para o pr\u00f3prio marido, para si mesmo e para outras pessoas. Eu ainda sinto em mim essa vaidade (<em>e acho que sei me ajeitar a um ponto razo\u00e1vel, sem chegar a ficar rid\u00edcula, nem parecendo piranha, como algumas mulheres que vejo, \u00e0s vezes<\/em>).<\/p>\n\n\n\n<p>N\u00e3o sei se a vinda das minhas filhas despertou em mim esse sentimento, mas talvez at\u00e9 que n\u00e3o: eu j\u00e1 tinha essa forma de pensar, vivendo s\u00f3 com o meu marido: de me arrumar para ele e para mim mesma.<\/p>\n\n\n\n<p>Francamente, acho que toda mulher devia ajeitar-se um pouco, ainda que fosse s\u00f3 para o espelho dela, que lhe responde e \u00e0s vezes aplaude. Isso nem \u00e9 tanta vaidade! Mas, se for, qual \u00e9 o problema de sentir-se rejuvenescida, n\u00e3o importa se tem 40, 60 ou 80 anos. Acho que isso se chama vontade de viver! &nbsp;<\/p>\n","protected":false},"excerpt":{"rendered":"<p>O que \u00e9 que eu ia dizer agora? J\u00e1 nem sei, mas sei que era alguma coisa sobre a estada de minhas filhas Renata e Andr\u00e9a aqui, na Cidade do M\u00e9xico, e na minha casa. Elas j\u00e1 v\u00e3o embora amanh\u00e3, e v\u00e3o me deixar muita saudade, mas tamb\u00e9m aproveitei bastante essa temporada delas aqui: ontem [&hellip;]<\/p>\n","protected":false},"author":1,"featured_media":0,"comment_status":"open","ping_status":"open","sticky":false,"template":"","format":"standard","meta":{"footnotes":""},"categories":[1],"tags":[],"_links":{"self":[{"href":"https:\/\/ipsislitteris.com\/index.php\/wp-json\/wp\/v2\/posts\/476"}],"collection":[{"href":"https:\/\/ipsislitteris.com\/index.php\/wp-json\/wp\/v2\/posts"}],"about":[{"href":"https:\/\/ipsislitteris.com\/index.php\/wp-json\/wp\/v2\/types\/post"}],"author":[{"embeddable":true,"href":"https:\/\/ipsislitteris.com\/index.php\/wp-json\/wp\/v2\/users\/1"}],"replies":[{"embeddable":true,"href":"https:\/\/ipsislitteris.com\/index.php\/wp-json\/wp\/v2\/comments?post=476"}],"version-history":[{"count":4,"href":"https:\/\/ipsislitteris.com\/index.php\/wp-json\/wp\/v2\/posts\/476\/revisions"}],"predecessor-version":[{"id":761,"href":"https:\/\/ipsislitteris.com\/index.php\/wp-json\/wp\/v2\/posts\/476\/revisions\/761"}],"wp:attachment":[{"href":"https:\/\/ipsislitteris.com\/index.php\/wp-json\/wp\/v2\/media?parent=476"}],"wp:term":[{"taxonomy":"category","embeddable":true,"href":"https:\/\/ipsislitteris.com\/index.php\/wp-json\/wp\/v2\/categories?post=476"},{"taxonomy":"post_tag","embeddable":true,"href":"https:\/\/ipsislitteris.com\/index.php\/wp-json\/wp\/v2\/tags?post=476"}],"curies":[{"name":"wp","href":"https:\/\/api.w.org\/{rel}","templated":true}]}}