{"id":48,"date":"2023-08-15T15:51:43","date_gmt":"2023-08-15T18:51:43","guid":{"rendered":"https:\/\/ipsislitteris.com\/?p=48"},"modified":"2024-04-16T16:22:29","modified_gmt":"2024-04-16T19:22:29","slug":"a-liberdade-da-velhice","status":"publish","type":"post","link":"https:\/\/ipsislitteris.com\/index.php\/2023\/08\/15\/a-liberdade-da-velhice\/","title":{"rendered":"A liberdade da velhice"},"content":{"rendered":"\n<p>Ontem, vendo o programa \u201cSaia Justa\u201d <em>(que eu adoro!)<\/em>, e que \u00e9 comandado pela Astrid Fontenelle, e no qual participam outras quatro mulheres, ouvi uma delas dizer, em um tom meio queixoso, que tinha problemas de ins\u00f4nia, que dormia pouco mais de 2 horas por dia, que precisava tomar rem\u00e9dio para dormir etc. \u00c9 verdade que ela \u00e9 uma mo\u00e7a jovem, que tem uma filhinha rec\u00e9m-nascida ou ainda muito pequena, \u00e9 advogada e tem uma intensa vida de trabalho \u2013 como ela diz, \u00e9 muito produtiva.<\/p>\n\n\n\n<p>Essa \u00e9 uma situa\u00e7\u00e3o muito diferente da minha, que tenho 83 anos, j\u00e1 trabalhei uns 60 anos da minha vida, pois comecei aos 22 ou 23 anos, na SUDENE, onde passei 20 anos trabalhando, quando pedi demiss\u00e3o, para vir morar no M\u00e9xico: me casei com um mexicano e, naturalmente, vim morar aqui com ele, o que tenho feito durante pouco menos de 40 anos da minha exist\u00eancia.<\/p>\n\n\n\n<p>Na verdade, o que eu queria comentar mesmo \u00e9 que, pintando um quadro da minha vida atual, sou uma pessoa dona da minha vida, n\u00e3o tenho ningu\u00e9m que me fiscalize, ou reclame do que eu fa\u00e7o ou deixo de fazer, do quanto eu durmo <em>(das 11 da noite at\u00e9 \u00e0s 8 ou 9 da manh\u00e3 do dia seguinte)<\/em>. At\u00e9 parece que eu vivo sozinha, que n\u00e3o tenho marido, mas acontece que n\u00e3o \u00e9 assim: tenho marido, sim, um mexicano que vive comigo desde que nos casamos, mas n\u00e3o reclama muito de mim. \u00c9 que j\u00e1 n\u00e3o temos filhos pequenos <em>(s\u00e3o 4, todos aut\u00f4nomos, isto \u00e9: cuidam das suas vidas). <\/em> N\u00e3o tenho motivos para fazer o trabalho dom\u00e9stico, posso ler, dormir ou ver televis\u00e3o \u00e0 hora que quero e bem entendo, e at\u00e9 \u00e0 hora que eu quiser, se n\u00e3o me der sono; escrever no computador e ver meu celular, quando me der vontade. Quero dizer que n\u00e3o tenho obriga\u00e7\u00f5es para com o trabalho de casa, porque temos uma pessoa contratada para fazer todo o trabalho dom\u00e9stico, ent\u00e3o eu n\u00e3o tenho a necessidade de fazer nada. Fa\u00e7o, quando quero, algum bolo, doce, pudim, manjar, ou algum prato especial de comida, por diletantismo.<\/p>\n\n\n\n<p>Eu me dei essa vida, pois escolhi como marido <em>(ali\u00e1s, ele nem foi propriamente escolhido: apareceu na minha vida, casualmente, em um semin\u00e1rio de trabalho, gostou de mim e eu dele, nos apaixonamos e nos casamos; ainda tive um filho com ele, o \u00faltimo da \u201cprodu\u00e7\u00e3o\u201d); <\/em>ele \u00e9 um homem bom, leal e honesto, inteligente e culto <em>(ele \u00e9 advogado)<\/em>, de sentimentos e proced\u00eancia nobres. Al\u00e9m disso, vivemos como um casal que se ama, sempre fomos leais um ao outro, vivo com ele porque gosto, n\u00e3o preciso me atar a uma pessoa por depend\u00eancia de nenhum tipo: nem emocional nem financeira, nem f\u00edsica. Explico isso: n\u00e3o preciso dele para me dar seguran\u00e7a emocional, tenho o meu pr\u00f3prio dinheiro, fruto de tantos anos de trabalho e poupan\u00e7a, nem sofro de nenhuma defici\u00eancia f\u00edsica nem mental, sou uma mulher inteira, com alguns achaques pr\u00f3prios da minha idade cronol\u00f3gica. Um forte componente do nosso amor \u00e9 a admira\u00e7\u00e3o rec\u00edproca, que eu acho fundamental no casamento, e que n\u00f3s alimentamos um pelo outro, e talvez seja o segredo da longevidade da nossa dura\u00e7\u00e3o. Sou tamb\u00e9m inteligente, relativamente culta e preparada <em>(cursei a universidade, onde me diplomei aos 22 anos, tendo estudado Letras Neolatinas)<\/em>. Moramos em uma casa grande e \u00f3tima, com todo tipo de comodidade, ou pelo menos o que para n\u00f3s \u00e9 suficiente.<\/p>\n\n\n\n<p>Tudo isso que eu disse \u00e9 para explicar por que entendo que a jovem da \u201cSaia Justa\u201d, por sua idade e sua etapa de vida, ainda tenha quest\u00f5es que requeiram tanto as suas energias, enquanto que eu, tamb\u00e9m devido a essas mesmas caracter\u00edsticas <em>(idade e etapa de vida)<\/em>, tenho uma vida t\u00e3o livre de obriga\u00e7\u00f5es e t\u00e3o cheia de liberdade, e cheia daquela qualidade de vida que \u00e9 desej\u00e1vel para todo mundo! &nbsp;&nbsp;<\/p>\n","protected":false},"excerpt":{"rendered":"<p>Ontem, vendo o programa \u201cSaia Justa\u201d (que eu adoro!), e que \u00e9 comandado pela Astrid Fontenelle, e no qual participam outras quatro mulheres, ouvi uma delas dizer, em um tom meio queixoso, que tinha problemas de ins\u00f4nia, que dormia pouco mais de 2 horas por dia, que precisava tomar rem\u00e9dio para dormir etc. \u00c9 verdade [&hellip;]<\/p>\n","protected":false},"author":1,"featured_media":0,"comment_status":"open","ping_status":"open","sticky":false,"template":"","format":"standard","meta":{"footnotes":""},"categories":[1],"tags":[],"_links":{"self":[{"href":"https:\/\/ipsislitteris.com\/index.php\/wp-json\/wp\/v2\/posts\/48"}],"collection":[{"href":"https:\/\/ipsislitteris.com\/index.php\/wp-json\/wp\/v2\/posts"}],"about":[{"href":"https:\/\/ipsislitteris.com\/index.php\/wp-json\/wp\/v2\/types\/post"}],"author":[{"embeddable":true,"href":"https:\/\/ipsislitteris.com\/index.php\/wp-json\/wp\/v2\/users\/1"}],"replies":[{"embeddable":true,"href":"https:\/\/ipsislitteris.com\/index.php\/wp-json\/wp\/v2\/comments?post=48"}],"version-history":[{"count":2,"href":"https:\/\/ipsislitteris.com\/index.php\/wp-json\/wp\/v2\/posts\/48\/revisions"}],"predecessor-version":[{"id":369,"href":"https:\/\/ipsislitteris.com\/index.php\/wp-json\/wp\/v2\/posts\/48\/revisions\/369"}],"wp:attachment":[{"href":"https:\/\/ipsislitteris.com\/index.php\/wp-json\/wp\/v2\/media?parent=48"}],"wp:term":[{"taxonomy":"category","embeddable":true,"href":"https:\/\/ipsislitteris.com\/index.php\/wp-json\/wp\/v2\/categories?post=48"},{"taxonomy":"post_tag","embeddable":true,"href":"https:\/\/ipsislitteris.com\/index.php\/wp-json\/wp\/v2\/tags?post=48"}],"curies":[{"name":"wp","href":"https:\/\/api.w.org\/{rel}","templated":true}]}}