{"id":89,"date":"2023-08-27T18:01:37","date_gmt":"2023-08-27T21:01:37","guid":{"rendered":"https:\/\/ipsislitteris.com\/?p=89"},"modified":"2024-09-15T21:59:38","modified_gmt":"2024-09-16T00:59:38","slug":"minhas-caracteristicas-desiguais","status":"publish","type":"post","link":"https:\/\/ipsislitteris.com\/index.php\/2023\/08\/27\/minhas-caracteristicas-desiguais\/","title":{"rendered":"Minhas caracter\u00edsticas desiguais"},"content":{"rendered":"\n<p>Uma das coisas que mais me incomodam neste mundo \u2013 eu ia dizer reino, mas j\u00e1 \u00e9 dizer demais &#8211; da apar\u00eancia e da fachada \u00e9 ter que ser uma pessoa sempre politicamente correta, dizer sempre as palavras que os outros querem ouvir, sentir-me na obriga\u00e7\u00e3o de achar tudo e todos (<em>lugares, pessoas e coisas, comidas, passeios<\/em>) fabulosos, espl\u00eandidos, maravilhosos e \u201chermosos\u201d! Mas, eu n\u00e3o procedo assim: n\u00e3o posso ser hip\u00f3crita!<\/p>\n\n\n\n<p>Sou t\u00e3o despreocupada do sucesso que farei <em>(ou n\u00e3o)<\/em> em uma pr\u00f3xima oportunidade que termino real\u00e7ando mais do que a maioria das mulheres (<em>ou, ent\u00e3o, \u00e9 que sou ing\u00eanua demais!<\/em>). E sou muito consciente de que j\u00e1 sou idosa, tenho o cabelo branco, pele branca, mais para magra que para gorda, tenho fei\u00e7\u00f5es comuns, sem nem um tra\u00e7o de beleza particular. <\/p>\n\n\n\n<p>N\u00e3o sei apreciar uma coisa s\u00f3 pela nobreza do material de que foi elaborada, porque os meus valores n\u00e3o est\u00e3o na origem nem na mat\u00e9ria de que est\u00e3o feitas, nem por serem objeto do aplauso da humanidade, nem por se tratarem de coisas valiosas de pre\u00e7o e material, ao contr\u00e1rio da maioria das pessoas que apreciam as coisas s\u00f3 por estarem elaboradas com materiais caros, mesmo que irritem a pele ou causem dermatites, e t\u00eam que ser compradas nas lojas mais caras ou frequentadas da cidade, desenhadas pelos <em>designers<\/em> mais conceituados ou vendidas pelos fabricantes de maior sucesso, ou usadas pelas pessoas importantes do lugar ou que estejam no \u00faltimo grito da \u201cfashion\u201d. Tenho uma coisa que confessar: meu crit\u00e9rio de gostar das coisas \u00e9 quase sempre est\u00e9tico!<\/p>\n\n\n\n<p>N\u00e3o sei fazer elogios a coisas de que eu de fato n\u00e3o gosto, podem ter custado o pre\u00e7o mais alto ou terem sido compradas na loja mais badalada de todas, ou que agora est\u00e3o usando, porque todo mundo usa.<\/p>\n\n\n\n<p>Se vou a alguma reuni\u00e3o, festa, casamento ou qualquer outro acontecimento, sempre tenho no guarda-roupa um vestido que considero adequado, dos meus mais velhos, porque nunca me sinto obrigada a comprar um vestido novo para comparecer a cada evento.&nbsp; Quando vou a alguma dessas festas, algumas pessoas da minha fam\u00edlia (<em>pol\u00edtica \u2013 que assim se denominam os irm\u00e3os ou pais do marido ou da mulher<\/em>) me perguntam: \u201cj\u00e1 compraste teu vestido para ir ao acontecimento tal?\u201d Eu sempre respondo que n\u00e3o comprei, porque nunca, ou s\u00f3 raramente, compro um vestido para determinada ocasi\u00e3o, e tenho at\u00e9 pena de banir os meus vestidos ou blusas em perfeito estado de conserva\u00e7\u00e3o e com apar\u00eancia de serem novos e em uso, s\u00f3 porque a rigor n\u00e3o se trata de roupa nova, comprada especialmente para aquela oportunidade, ou n\u00e3o pertencem \u00e0 categoria do que a moda dita.<\/p>\n\n\n\n<p>E, geralmente, chegando l\u00e1, me sinto t\u00e3o confort\u00e1vel quanto algu\u00e9m que se preparou e se esmerou (<em>e gastou tanto dinheiro, quer tenha ou n\u00e3o<\/em>) para uma ocasi\u00e3o muito especial, para ser a melhor da oportunidade e despertar os mais altos elogios! \u00c9 que, na verdade, n\u00e3o me preocupa ser a pessoa de mais sucesso da festa, do casamento ou de qualquer evento do estilo. O que me preenche \u00e9 estar num lugar agrad\u00e1vel, junto com o meu marido, encontrar amigos, simples e am\u00e1veis como eu. Ent\u00e3o, n\u00e3o entro nunca nessa carreira competitiva de parecer uma pessoa que n\u00e3o sou: ao contr\u00e1rio, gosto sempre de aparentar aquilo que eu sou: feliz, de bom gosto, e adequada ao momento, de bra\u00e7os com a pessoa que escolhi na vida para ser o meu companheiro de sempre, preparado e inteligente como ele \u00e9 e, principalmente, simples como eu sou!&nbsp;<\/p>\n","protected":false},"excerpt":{"rendered":"<p>Uma das coisas que mais me incomodam neste mundo \u2013 eu ia dizer reino, mas j\u00e1 \u00e9 dizer demais &#8211; da apar\u00eancia e da fachada \u00e9 ter que ser uma pessoa sempre politicamente correta, dizer sempre as palavras que os outros querem ouvir, sentir-me na obriga\u00e7\u00e3o de achar tudo e todos (lugares, pessoas e coisas, [&hellip;]<\/p>\n","protected":false},"author":1,"featured_media":241,"comment_status":"open","ping_status":"open","sticky":false,"template":"","format":"standard","meta":{"footnotes":""},"categories":[1],"tags":[],"_links":{"self":[{"href":"https:\/\/ipsislitteris.com\/index.php\/wp-json\/wp\/v2\/posts\/89"}],"collection":[{"href":"https:\/\/ipsislitteris.com\/index.php\/wp-json\/wp\/v2\/posts"}],"about":[{"href":"https:\/\/ipsislitteris.com\/index.php\/wp-json\/wp\/v2\/types\/post"}],"author":[{"embeddable":true,"href":"https:\/\/ipsislitteris.com\/index.php\/wp-json\/wp\/v2\/users\/1"}],"replies":[{"embeddable":true,"href":"https:\/\/ipsislitteris.com\/index.php\/wp-json\/wp\/v2\/comments?post=89"}],"version-history":[{"count":5,"href":"https:\/\/ipsislitteris.com\/index.php\/wp-json\/wp\/v2\/posts\/89\/revisions"}],"predecessor-version":[{"id":556,"href":"https:\/\/ipsislitteris.com\/index.php\/wp-json\/wp\/v2\/posts\/89\/revisions\/556"}],"wp:featuredmedia":[{"embeddable":true,"href":"https:\/\/ipsislitteris.com\/index.php\/wp-json\/wp\/v2\/media\/241"}],"wp:attachment":[{"href":"https:\/\/ipsislitteris.com\/index.php\/wp-json\/wp\/v2\/media?parent=89"}],"wp:term":[{"taxonomy":"category","embeddable":true,"href":"https:\/\/ipsislitteris.com\/index.php\/wp-json\/wp\/v2\/categories?post=89"},{"taxonomy":"post_tag","embeddable":true,"href":"https:\/\/ipsislitteris.com\/index.php\/wp-json\/wp\/v2\/tags?post=89"}],"curies":[{"name":"wp","href":"https:\/\/api.w.org\/{rel}","templated":true}]}}